{"id":1860,"date":"2025-05-19T18:43:56","date_gmt":"2025-05-19T16:43:56","guid":{"rendered":"http:\/\/www.leonardosasso.it\/?p=1860"},"modified":"2025-05-19T18:44:00","modified_gmt":"2025-05-19T16:44:00","slug":"lettera-aperta-alla-dirigenza-del-milan-e-tempo-di-assumersi-le-responsabilita","status":"publish","type":"post","link":"https:\/\/www.leonardosasso.it\/?p=1860","title":{"rendered":"Lettera aperta alla dirigenza del Milan: \u00e8 tempo di assumersi le responsabilit\u00e0"},"content":{"rendered":"<div class='booster-block booster-read-block'>\n                <div class=\"twp-read-time\">\n                \t<i class=\"booster-icon twp-clock\"><\/i> <span>Read Time:<\/span>2 Minute, 33 Second                <\/div>\n\n            <\/div>\n<p>In un momento di profonda crisi per il nostro amato Milan, sento il dovere, come voce di migliaia di tifosi rossoneri, di chiedere un atto di responsabilit\u00e0 che non pu\u00f2 essere pi\u00f9 rimandato: le dimissioni dell&#8217;attuale dirigenza.<\/p>\n\n\n\n<h2 class=\"wp-block-heading\"><span><i class=\"fas fa-arrow-right\"><\/i><\/span>Risultati inaccettabili <\/h2>\n\n\n\n<p>Il nono posto in classifica rappresenta un fallimento quasi senza precedenti per un club della storia e del blasone del Milan. Non si tratta di un semplice passo falso, ma del punto pi\u00f9 basso di una gestione che ha smarrito completamente la rotta. Per una squadra che porta sul petto sette Champions League, trovarsi in questa posizione non \u00e8 solo deludente, \u00e8 semplicemente inaccettabile.<\/p>\n\n\n\n<p>A peggiorare il quadro, la retrocessione del Milan Futuro dalla Serie C alla Serie D, simbolo di una programmazione fallimentare anche nel settore giovanile. Questo doppio fallimento evidenzia un problema sistemico che va ben oltre i risultati della prima squadra.<\/p>\n\n\n\n<h2 class=\"wp-block-heading\"><span><i class=\"fas fa-arrow-right\"><\/i><\/span>Un silenzio assordante <\/h2>\n\n\n\n<p>Ci\u00f2 che risulta ancora pi\u00f9 grave \u00e8 l&#8217;atteggiamento della dirigenza. Il silenzio dei vertici societari di fronte a questo disastro sportivo \u00e8 un&#8217;ulteriore mancanza di rispetto verso i tifosi che, nonostante tutto, continuano a sostenere economicamente ed emotivamente questi colori.<\/p>\n\n\n\n<p>L&#8217;arroganza con cui si evita di affrontare pubblicamente la situazione e l&#8217;ostinazione nel non riconoscere i propri errori sono inaccettabili. Una grande societ\u00e0 si misura non solo dai successi, ma anche dalla capacit\u00e0 di assumersi le responsabilit\u00e0 nei momenti difficili.<\/p>\n\n\n\n<h2 class=\"wp-block-heading\"><span><i class=\"fas fa-arrow-right\"><\/i><\/span>L&#8217;eredit\u00e0 tradita <\/h2>\n\n\n\n<p>Il Milan non \u00e8 solo una squadra di calcio, \u00e8 un patrimonio culturale e sportivo che appartiene ai suoi tifosi. L&#8217;attuale dirigenza sembra aver dimenticato i valori che hanno reso grande questo club: l&#8217;ambizione, la competenza e il rispetto per la propria storia.<\/p>\n\n\n\n<p>I numeri di questa stagione non mentono e raccontano di scelte tecniche e manageriali completamente sbagliate. Il mercato condotto senza una visione chiara, l&#8217;assenza di un progetto tecnico coerente e la mancanza di leadership sono evidenti a chiunque abbia a cuore le sorti del Milan.<\/p>\n\n\n\n<h2 class=\"wp-block-heading\"><span><i class=\"fas fa-arrow-right\"><\/i><\/span>Un atto dovuto <\/h2>\n\n\n\n<p>Per questi motivi, le dimissioni non rappresenterebbero un gesto di resa, ma un atto di responsabilit\u00e0 e rispetto verso il club e i suoi sostenitori. Sarebbe il riconoscimento che questa dirigenza non \u00e8 all&#8217;altezza del compito affidatole e che il Milan merita di pi\u00f9.<\/p>\n\n\n\n<p>Non chiediamo questo passo per vendetta o per rabbia, ma perch\u00e9 crediamo che solo con un cambiamento radicale ai vertici si possa ricostruire un progetto serio e ambizioso, degno della storia del Milan.<\/p>\n\n\n\n<h2 class=\"wp-block-heading\"><span><i class=\"fas fa-arrow-right\"><\/i><\/span>Un nuovo inizio <\/h2>\n\n\n\n<p>Il Milan ha bisogno di una dirigenza che abbia il coraggio di confrontarsi con i tifosi, che sappia ammettere i propri errori e che, soprattutto, abbia la competenza necessaria per riportare il club dove merita di stare: tra le grandi d&#8217;Europa.<\/p>\n\n\n\n<p>I tifosi rossoneri meritano rispetto e chiarezza. Meritano dirigenti che sappiano onorare la maglia e che comprendano cosa significhi realmente guidare il Milan.<\/p>\n\n\n\n<p>\u00c8 tempo di voltare pagina. \u00c8 tempo che chi ha portato il Milan in questa situazione faccia un passo indietro. Per il bene del Milan, per rispetto della sua storia e dei suoi tifosi.<\/p>\n\n\n\n<p><em>Firmato: Un tifoso rossonero che non smetter\u00e0 mai di amare questi colori, nonostante tutto.<\/em><\/p>\n        <div class=\"booster-block booster-reactions-block\">\n            <div class=\"twp-reactions-icons\">\n                \n                <div class=\"twp-reacts-wrap\">\n                    <a react-data=\"be-react-1\" post-id=\"1860\" class=\"be-face-icons un-reacted\" href=\"javascript:void(0)\">\n                        <img decoding=\"async\" src=\"https:\/\/www.leonardosasso.it\/wp-content\/plugins\/booster-extension\/\/assets\/icon\/happy.svg\" alt=\"Happy\">\n                    <\/a>\n                    <div class=\"twp-reaction-title\">\n                        Happy                    <\/div>\n                    <div class=\"twp-count-percent\">\n                                                    <span style=\"display: none;\" class=\"twp-react-count\">0<\/span>\n                        \n                                                <span class=\"twp-react-percent\"><span>0<\/span> %<\/span>\n                                            <\/div>\n                <\/div>\n\n                <div class=\"twp-reacts-wrap\">\n                    <a react-data=\"be-react-2\" post-id=\"1860\" class=\"be-face-icons un-reacted\" href=\"javascript:void(0)\">\n                        <img decoding=\"async\" src=\"https:\/\/www.leonardosasso.it\/wp-content\/plugins\/booster-extension\/\/assets\/icon\/sad.svg\" alt=\"Sad\">\n                    <\/a>\n                    <div class=\"twp-reaction-title\">\n                        Sad                    <\/div>\n                    <div class=\"twp-count-percent\">\n                                                    <span style=\"display: none;\" class=\"twp-react-count\">0<\/span>\n                                                                        <span class=\"twp-react-percent\"><span>0<\/span> %<\/span>\n                                            <\/div>\n                <\/div>\n\n                <div class=\"twp-reacts-wrap\">\n                    <a react-data=\"be-react-3\" post-id=\"1860\" class=\"be-face-icons un-reacted\" href=\"javascript:void(0)\">\n                        <img decoding=\"async\" src=\"https:\/\/www.leonardosasso.it\/wp-content\/plugins\/booster-extension\/\/assets\/icon\/excited.svg\" alt=\"Excited\">\n                    <\/a>\n                    <div class=\"twp-reaction-title\">\n                        Excited                    <\/div>\n                    <div class=\"twp-count-percent\">\n                                                    <span style=\"display: none;\" class=\"twp-react-count\">0<\/span>\n                                                                        <span class=\"twp-react-percent\"><span>0<\/span> %<\/span>\n                                            <\/div>\n                <\/div>\n\n                <div class=\"twp-reacts-wrap\">\n                    <a react-data=\"be-react-6\" post-id=\"1860\" class=\"be-face-icons un-reacted\" href=\"javascript:void(0)\">\n                        <img decoding=\"async\" src=\"https:\/\/www.leonardosasso.it\/wp-content\/plugins\/booster-extension\/\/assets\/icon\/sleepy.svg\" alt=\"Sleepy\">\n                    <\/a>\n                    <div class=\"twp-reaction-title\">\n                        Sleepy                    <\/div>\n                    <div class=\"twp-count-percent\">\n                                                    <span style=\"display: none;\" class=\"twp-react-count\">0<\/span>\n                        \n                                                <span class=\"twp-react-percent\"><span>0<\/span> %<\/span>\n                                            <\/div>\n                <\/div>\n\n                <div class=\"twp-reacts-wrap\">\n                    <a react-data=\"be-react-4\" post-id=\"1860\" class=\"be-face-icons un-reacted\" href=\"javascript:void(0)\">\n                        <img decoding=\"async\" src=\"https:\/\/www.leonardosasso.it\/wp-content\/plugins\/booster-extension\/\/assets\/icon\/angry.svg\" alt=\"Angry\">\n                    <\/a>\n                    <div class=\"twp-reaction-title\">Angry<\/div>\n                    <div class=\"twp-count-percent\">\n                                                    <span style=\"display: none;\" class=\"twp-react-count\">0<\/span>\n                                                                        <span class=\"twp-react-percent\"><span>0<\/span> %<\/span>\n                        \n                    <\/div>\n                <\/div>\n\n                <div class=\"twp-reacts-wrap\">\n                    <a react-data=\"be-react-5\" post-id=\"1860\" class=\"be-face-icons un-reacted\" href=\"javascript:void(0)\">\n                        <img decoding=\"async\" src=\"https:\/\/www.leonardosasso.it\/wp-content\/plugins\/booster-extension\/\/assets\/icon\/surprise.svg\" alt=\"Surprise\">\n                    <\/a>\n                    <div class=\"twp-reaction-title\">Surprise<\/div>\n                    <div class=\"twp-count-percent\">\n                                                    <span style=\"display: none;\" class=\"twp-react-count\">0<\/span>\n                                                                        <span class=\"twp-react-percent\"><span>0<\/span> %<\/span>\n                                            <\/div>\n                <\/div>\n\n            <\/div>\n        <\/div>\n\n    <p><\/p>","protected":false},"excerpt":{"rendered":"<p>In un momento di profonda crisi per il nostro amato Milan, sento il dovere, come&#8230;<\/p>\n","protected":false},"author":1,"featured_media":1861,"comment_status":"closed","ping_status":"open","sticky":false,"template":"","format":"standard","meta":{"content-type":"","ngg_post_thumbnail":0,"footnotes":""},"categories":[5,6,7,1],"tags":[],"yoast_head":"<!-- This site is optimized with the Yoast SEO plugin v24.3 - https:\/\/yoast.com\/wordpress\/plugins\/seo\/ -->\r\n<title>Lettera aperta alla dirigenza del Milan: \u00e8 tempo di assumersi le responsabilit\u00e0 - Leonardo Sasso web site<\/title>\r\n<meta name=\"robots\" content=\"index, follow, max-snippet:-1, max-image-preview:large, max-video-preview:-1\" \/>\r\n<link rel=\"canonical\" href=\"https:\/\/www.leonardosasso.it\/?p=1860\" \/>\r\n<meta property=\"og:locale\" content=\"it_IT\" \/>\r\n<meta property=\"og:type\" content=\"article\" \/>\r\n<meta property=\"og:title\" content=\"Lettera aperta alla dirigenza del Milan: \u00e8 tempo di assumersi le responsabilit\u00e0 - Leonardo Sasso web site\" \/>\r\n<meta property=\"og:description\" content=\"In un momento di profonda crisi per il nostro amato Milan, sento il dovere, come...\" \/>\r\n<meta property=\"og:url\" content=\"https:\/\/www.leonardosasso.it\/?p=1860\" \/>\r\n<meta property=\"og:site_name\" content=\"Leonardo Sasso web site\" \/>\r\n<meta property=\"article:published_time\" content=\"2025-05-19T16:43:56+00:00\" \/>\r\n<meta property=\"article:modified_time\" content=\"2025-05-19T16:44:00+00:00\" \/>\r\n<meta property=\"og:image\" content=\"https:\/\/www.leonardosasso.it\/wp-content\/uploads\/2025\/05\/milan-nuova-identity.jpg\" \/>\r\n\t<meta property=\"og:image:width\" content=\"600\" \/>\r\n\t<meta property=\"og:image:height\" content=\"400\" \/>\r\n\t<meta property=\"og:image:type\" content=\"image\/jpeg\" \/>\r\n<meta name=\"author\" content=\"Leonardo\" \/>\r\n<meta name=\"twitter:card\" content=\"summary_large_image\" \/>\r\n<meta name=\"twitter:label1\" content=\"Scritto da\" \/>\n\t<meta name=\"twitter:data1\" content=\"Leonardo\" \/>\n\t<meta name=\"twitter:label2\" content=\"Tempo di lettura stimato\" \/>\n\t<meta name=\"twitter:data2\" content=\"3 minuti\" \/>\r\n<script type=\"application\/ld+json\" class=\"yoast-schema-graph\">{\"@context\":\"https:\/\/schema.org\",\"@graph\":[{\"@type\":\"Article\",\"@id\":\"https:\/\/www.leonardosasso.it\/?p=1860#article\",\"isPartOf\":{\"@id\":\"https:\/\/www.leonardosasso.it\/?p=1860\"},\"author\":{\"name\":\"Leonardo\",\"@id\":\"https:\/\/www.leonardosasso.it\/#\/schema\/person\/57496f2fb8cef399223fa4c9da8ffe1c\"},\"headline\":\"Lettera aperta alla dirigenza del Milan: \u00e8 tempo di assumersi le responsabilit\u00e0\",\"datePublished\":\"2025-05-19T16:43:56+00:00\",\"dateModified\":\"2025-05-19T16:44:00+00:00\",\"mainEntityOfPage\":{\"@id\":\"https:\/\/www.leonardosasso.it\/?p=1860\"},\"wordCount\":513,\"publisher\":{\"@id\":\"https:\/\/www.leonardosasso.it\/#\/schema\/person\/57496f2fb8cef399223fa4c9da8ffe1c\"},\"image\":{\"@id\":\"https:\/\/www.leonardosasso.it\/?p=1860#primaryimage\"},\"thumbnailUrl\":\"https:\/\/www.leonardosasso.it\/wp-content\/uploads\/2025\/05\/milan-nuova-identity.jpg\",\"articleSection\":[\"Italia\",\"Milan\",\"Sport\",\"Varia umanit\u00e0\"],\"inLanguage\":\"it-IT\"},{\"@type\":\"WebPage\",\"@id\":\"https:\/\/www.leonardosasso.it\/?p=1860\",\"url\":\"https:\/\/www.leonardosasso.it\/?p=1860\",\"name\":\"Lettera aperta alla dirigenza del Milan: \u00e8 tempo di assumersi le responsabilit\u00e0 - Leonardo Sasso web site\",\"isPartOf\":{\"@id\":\"https:\/\/www.leonardosasso.it\/#website\"},\"primaryImageOfPage\":{\"@id\":\"https:\/\/www.leonardosasso.it\/?p=1860#primaryimage\"},\"image\":{\"@id\":\"https:\/\/www.leonardosasso.it\/?p=1860#primaryimage\"},\"thumbnailUrl\":\"https:\/\/www.leonardosasso.it\/wp-content\/uploads\/2025\/05\/milan-nuova-identity.jpg\",\"datePublished\":\"2025-05-19T16:43:56+00:00\",\"dateModified\":\"2025-05-19T16:44:00+00:00\",\"breadcrumb\":{\"@id\":\"https:\/\/www.leonardosasso.it\/?p=1860#breadcrumb\"},\"inLanguage\":\"it-IT\",\"potentialAction\":[{\"@type\":\"ReadAction\",\"target\":[\"https:\/\/www.leonardosasso.it\/?p=1860\"]}]},{\"@type\":\"ImageObject\",\"inLanguage\":\"it-IT\",\"@id\":\"https:\/\/www.leonardosasso.it\/?p=1860#primaryimage\",\"url\":\"https:\/\/www.leonardosasso.it\/wp-content\/uploads\/2025\/05\/milan-nuova-identity.jpg\",\"contentUrl\":\"https:\/\/www.leonardosasso.it\/wp-content\/uploads\/2025\/05\/milan-nuova-identity.jpg\",\"width\":600,\"height\":400},{\"@type\":\"BreadcrumbList\",\"@id\":\"https:\/\/www.leonardosasso.it\/?p=1860#breadcrumb\",\"itemListElement\":[{\"@type\":\"ListItem\",\"position\":1,\"name\":\"Home\",\"item\":\"https:\/\/www.leonardosasso.it\/\"},{\"@type\":\"ListItem\",\"position\":2,\"name\":\"Lettera aperta alla dirigenza del Milan: \u00e8 tempo di assumersi le responsabilit\u00e0\"}]},{\"@type\":\"WebSite\",\"@id\":\"https:\/\/www.leonardosasso.it\/#website\",\"url\":\"https:\/\/www.leonardosasso.it\/\",\"name\":\"Leonardo Sasso web site\",\"description\":\"blog di ordinaria disinformazione\",\"publisher\":{\"@id\":\"https:\/\/www.leonardosasso.it\/#\/schema\/person\/57496f2fb8cef399223fa4c9da8ffe1c\"},\"potentialAction\":[{\"@type\":\"SearchAction\",\"target\":{\"@type\":\"EntryPoint\",\"urlTemplate\":\"https:\/\/www.leonardosasso.it\/?s={search_term_string}\"},\"query-input\":{\"@type\":\"PropertyValueSpecification\",\"valueRequired\":true,\"valueName\":\"search_term_string\"}}],\"inLanguage\":\"it-IT\"},{\"@type\":[\"Person\",\"Organization\"],\"@id\":\"https:\/\/www.leonardosasso.it\/#\/schema\/person\/57496f2fb8cef399223fa4c9da8ffe1c\",\"name\":\"Leonardo\",\"image\":{\"@type\":\"ImageObject\",\"inLanguage\":\"it-IT\",\"@id\":\"https:\/\/www.leonardosasso.it\/#\/schema\/person\/image\/\",\"url\":\"https:\/\/www.leonardosasso.it\/wp-content\/uploads\/2023\/01\/io.bmp\",\"contentUrl\":\"https:\/\/www.leonardosasso.it\/wp-content\/uploads\/2023\/01\/io.bmp\",\"width\":288,\"height\":288,\"caption\":\"Leonardo\"},\"logo\":{\"@id\":\"https:\/\/www.leonardosasso.it\/#\/schema\/person\/image\/\"},\"sameAs\":[\"https:\/\/www.leonardosasso.it\"],\"url\":\"https:\/\/www.leonardosasso.it\/?author=1\"}]}<\/script>\r\n<!-- \/ Yoast SEO plugin. -->","yoast_head_json":{"title":"Lettera aperta alla dirigenza del Milan: \u00e8 tempo di assumersi le responsabilit\u00e0 - Leonardo Sasso web site","robots":{"index":"index","follow":"follow","max-snippet":"max-snippet:-1","max-image-preview":"max-image-preview:large","max-video-preview":"max-video-preview:-1"},"canonical":"https:\/\/www.leonardosasso.it\/?p=1860","og_locale":"it_IT","og_type":"article","og_title":"Lettera aperta alla dirigenza del Milan: \u00e8 tempo di assumersi le responsabilit\u00e0 - Leonardo Sasso web site","og_description":"In un momento di profonda crisi per il nostro amato Milan, sento il dovere, come...","og_url":"https:\/\/www.leonardosasso.it\/?p=1860","og_site_name":"Leonardo Sasso web site","article_published_time":"2025-05-19T16:43:56+00:00","article_modified_time":"2025-05-19T16:44:00+00:00","og_image":[{"width":600,"height":400,"url":"https:\/\/www.leonardosasso.it\/wp-content\/uploads\/2025\/05\/milan-nuova-identity.jpg","type":"image\/jpeg"}],"author":"Leonardo","twitter_card":"summary_large_image","twitter_misc":{"Scritto da":"Leonardo","Tempo di lettura stimato":"3 minuti"},"schema":{"@context":"https:\/\/schema.org","@graph":[{"@type":"Article","@id":"https:\/\/www.leonardosasso.it\/?p=1860#article","isPartOf":{"@id":"https:\/\/www.leonardosasso.it\/?p=1860"},"author":{"name":"Leonardo","@id":"https:\/\/www.leonardosasso.it\/#\/schema\/person\/57496f2fb8cef399223fa4c9da8ffe1c"},"headline":"Lettera aperta alla dirigenza del Milan: \u00e8 tempo di assumersi le responsabilit\u00e0","datePublished":"2025-05-19T16:43:56+00:00","dateModified":"2025-05-19T16:44:00+00:00","mainEntityOfPage":{"@id":"https:\/\/www.leonardosasso.it\/?p=1860"},"wordCount":513,"publisher":{"@id":"https:\/\/www.leonardosasso.it\/#\/schema\/person\/57496f2fb8cef399223fa4c9da8ffe1c"},"image":{"@id":"https:\/\/www.leonardosasso.it\/?p=1860#primaryimage"},"thumbnailUrl":"https:\/\/www.leonardosasso.it\/wp-content\/uploads\/2025\/05\/milan-nuova-identity.jpg","articleSection":["Italia","Milan","Sport","Varia umanit\u00e0"],"inLanguage":"it-IT"},{"@type":"WebPage","@id":"https:\/\/www.leonardosasso.it\/?p=1860","url":"https:\/\/www.leonardosasso.it\/?p=1860","name":"Lettera aperta alla dirigenza del Milan: \u00e8 tempo di assumersi le responsabilit\u00e0 - Leonardo Sasso web site","isPartOf":{"@id":"https:\/\/www.leonardosasso.it\/#website"},"primaryImageOfPage":{"@id":"https:\/\/www.leonardosasso.it\/?p=1860#primaryimage"},"image":{"@id":"https:\/\/www.leonardosasso.it\/?p=1860#primaryimage"},"thumbnailUrl":"https:\/\/www.leonardosasso.it\/wp-content\/uploads\/2025\/05\/milan-nuova-identity.jpg","datePublished":"2025-05-19T16:43:56+00:00","dateModified":"2025-05-19T16:44:00+00:00","breadcrumb":{"@id":"https:\/\/www.leonardosasso.it\/?p=1860#breadcrumb"},"inLanguage":"it-IT","potentialAction":[{"@type":"ReadAction","target":["https:\/\/www.leonardosasso.it\/?p=1860"]}]},{"@type":"ImageObject","inLanguage":"it-IT","@id":"https:\/\/www.leonardosasso.it\/?p=1860#primaryimage","url":"https:\/\/www.leonardosasso.it\/wp-content\/uploads\/2025\/05\/milan-nuova-identity.jpg","contentUrl":"https:\/\/www.leonardosasso.it\/wp-content\/uploads\/2025\/05\/milan-nuova-identity.jpg","width":600,"height":400},{"@type":"BreadcrumbList","@id":"https:\/\/www.leonardosasso.it\/?p=1860#breadcrumb","itemListElement":[{"@type":"ListItem","position":1,"name":"Home","item":"https:\/\/www.leonardosasso.it\/"},{"@type":"ListItem","position":2,"name":"Lettera aperta alla dirigenza del Milan: \u00e8 tempo di assumersi le responsabilit\u00e0"}]},{"@type":"WebSite","@id":"https:\/\/www.leonardosasso.it\/#website","url":"https:\/\/www.leonardosasso.it\/","name":"Leonardo Sasso web site","description":"blog di ordinaria disinformazione","publisher":{"@id":"https:\/\/www.leonardosasso.it\/#\/schema\/person\/57496f2fb8cef399223fa4c9da8ffe1c"},"potentialAction":[{"@type":"SearchAction","target":{"@type":"EntryPoint","urlTemplate":"https:\/\/www.leonardosasso.it\/?s={search_term_string}"},"query-input":{"@type":"PropertyValueSpecification","valueRequired":true,"valueName":"search_term_string"}}],"inLanguage":"it-IT"},{"@type":["Person","Organization"],"@id":"https:\/\/www.leonardosasso.it\/#\/schema\/person\/57496f2fb8cef399223fa4c9da8ffe1c","name":"Leonardo","image":{"@type":"ImageObject","inLanguage":"it-IT","@id":"https:\/\/www.leonardosasso.it\/#\/schema\/person\/image\/","url":"https:\/\/www.leonardosasso.it\/wp-content\/uploads\/2023\/01\/io.bmp","contentUrl":"https:\/\/www.leonardosasso.it\/wp-content\/uploads\/2023\/01\/io.bmp","width":288,"height":288,"caption":"Leonardo"},"logo":{"@id":"https:\/\/www.leonardosasso.it\/#\/schema\/person\/image\/"},"sameAs":["https:\/\/www.leonardosasso.it"],"url":"https:\/\/www.leonardosasso.it\/?author=1"}]}},"featured_image_urls":{"full":["https:\/\/www.leonardosasso.it\/wp-content\/uploads\/2025\/05\/milan-nuova-identity.jpg",600,400,false],"thumbnail":["https:\/\/www.leonardosasso.it\/wp-content\/uploads\/2025\/05\/milan-nuova-identity-150x150.jpg",150,150,true],"medium":["https:\/\/www.leonardosasso.it\/wp-content\/uploads\/2025\/05\/milan-nuova-identity-300x300.jpg",300,300,true],"medium_large":["https:\/\/www.leonardosasso.it\/wp-content\/uploads\/2025\/05\/milan-nuova-identity.jpg",600,400,false],"large":["https:\/\/www.leonardosasso.it\/wp-content\/uploads\/2025\/05\/milan-nuova-identity.jpg",600,400,false],"1536x1536":["https:\/\/www.leonardosasso.it\/wp-content\/uploads\/2025\/05\/milan-nuova-identity.jpg",600,400,false],"2048x2048":["https:\/\/www.leonardosasso.it\/wp-content\/uploads\/2025\/05\/milan-nuova-identity.jpg",600,400,false],"newspaperup-slider-full":["https:\/\/www.leonardosasso.it\/wp-content\/uploads\/2025\/05\/milan-nuova-identity.jpg",600,400,false],"newspaperup-featured":["https:\/\/www.leonardosasso.it\/wp-content\/uploads\/2025\/05\/milan-nuova-identity.jpg",600,400,false],"newspaperup-medium":["https:\/\/www.leonardosasso.it\/wp-content\/uploads\/2025\/05\/milan-nuova-identity-600x380.jpg",600,380,true],"ADV":["https:\/\/www.leonardosasso.it\/wp-content\/uploads\/2025\/05\/milan-nuova-identity-350x220.jpg",350,220,true],"advps-thumb-one":["https:\/\/www.leonardosasso.it\/wp-content\/uploads\/2025\/05\/milan-nuova-identity-600x220.jpg",600,220,true]},"author_info":{"info":["Leonardo"]},"category_info":"<a href=\"https:\/\/www.leonardosasso.it\/?cat=5\" rel=\"category\">Italia<\/a> <a href=\"https:\/\/www.leonardosasso.it\/?cat=6\" rel=\"category\">Milan<\/a> <a href=\"https:\/\/www.leonardosasso.it\/?cat=7\" rel=\"category\">Sport<\/a> <a href=\"https:\/\/www.leonardosasso.it\/?cat=1\" rel=\"category\">Varia umanit\u00e0<\/a>","tag_info":"Varia umanit\u00e0","comment_count":"0","_links":{"self":[{"href":"https:\/\/www.leonardosasso.it\/index.php?rest_route=\/wp\/v2\/posts\/1860"}],"collection":[{"href":"https:\/\/www.leonardosasso.it\/index.php?rest_route=\/wp\/v2\/posts"}],"about":[{"href":"https:\/\/www.leonardosasso.it\/index.php?rest_route=\/wp\/v2\/types\/post"}],"author":[{"embeddable":true,"href":"https:\/\/www.leonardosasso.it\/index.php?rest_route=\/wp\/v2\/users\/1"}],"replies":[{"embeddable":true,"href":"https:\/\/www.leonardosasso.it\/index.php?rest_route=%2Fwp%2Fv2%2Fcomments&post=1860"}],"version-history":[{"count":1,"href":"https:\/\/www.leonardosasso.it\/index.php?rest_route=\/wp\/v2\/posts\/1860\/revisions"}],"predecessor-version":[{"id":1862,"href":"https:\/\/www.leonardosasso.it\/index.php?rest_route=\/wp\/v2\/posts\/1860\/revisions\/1862"}],"wp:featuredmedia":[{"embeddable":true,"href":"https:\/\/www.leonardosasso.it\/index.php?rest_route=\/wp\/v2\/media\/1861"}],"wp:attachment":[{"href":"https:\/\/www.leonardosasso.it\/index.php?rest_route=%2Fwp%2Fv2%2Fmedia&parent=1860"}],"wp:term":[{"taxonomy":"category","embeddable":true,"href":"https:\/\/www.leonardosasso.it\/index.php?rest_route=%2Fwp%2Fv2%2Fcategories&post=1860"},{"taxonomy":"post_tag","embeddable":true,"href":"https:\/\/www.leonardosasso.it\/index.php?rest_route=%2Fwp%2Fv2%2Ftags&post=1860"}],"curies":[{"name":"wp","href":"https:\/\/api.w.org\/{rel}","templated":true}]}}