{"id":850,"date":"2016-10-13T17:20:53","date_gmt":"2016-10-13T15:20:53","guid":{"rendered":"http:\/\/www.leonardosasso.it\/?p=850"},"modified":"2016-10-13T19:28:11","modified_gmt":"2016-10-13T17:28:11","slug":"interismo-e-sinistra-connubio-farneticante-a-milano","status":"publish","type":"post","link":"https:\/\/www.leonardosasso.it\/?p=850","title":{"rendered":"Interismo e Sinistra: Connubio farneticante a Milano"},"content":{"rendered":"<div class='booster-block booster-read-block'>\n                <div class=\"twp-read-time\">\n                \t<i class=\"booster-icon twp-clock\"><\/i> <span>Read Time:<\/span>2 Minute, 49 Second                <\/div>\n\n            <\/div><p>L&#8217;intervista che il Sindaco di Milano rilascia alla Gazzetta contiene dei tratti che segnano uno spaccato inaccettabile  per il Mondo Rossonero .<br \/>\nIn questi anni \u00e8 andato via via propagandosi  un sentiment  di malcelata sopportazione verso il Milan  che con Sala raggiunge una vetta che, onestamente, non pensavamo si avesse la sfrontatezza di rendere tanto palese ed in cos\u00ec breve tempo.<br \/>\nLa questione stadio San Siro, come ci ostiniamo a chiamare la nostra casa, viene trattata con una superficialit\u00e0 ed una arroganza che lascia basita la tifoseria del Milan.<br \/>\nLa tifoseria della squadra italiana pi\u00f9 famosa al mondo e che, se il Sindaco Sala lo consentir\u00e0, pare abbia sede e dimora a Milano fin dalla sua nascita.<br \/>\nIl passaggio cruciale che Sala fa alla compiaciuta e sognante Gazzetta, il quotidiano che fu del Maestro Gino Palumbo, sarebbe esilarante se non toccasse i sentimenti pi\u00f9 profondi dell&#8217;animo milanista:<br \/>\n&#8220;<em>Se fosse per Suning si siederebbe al tavolo gi\u00e0 domattina. Ne ho parlato con loro anche dopo Inter-Juve e c\u2019\u00e8 la massima disponibilit\u00e0 a investire sull\u2019impianto, ma sono in attesa di capire cosa succeder\u00e0 al Milan. Capisco la situazione rossonera, non mi \u00e8 chiara. Possiamo aspettare qualche mese, ma dopodich\u00e9 l\u2019amministrazione comunale avrebbe il dovere di agire e, di conseguenza, si metterebbe a discutere direttamente con l\u2019Inter<\/em>&#8220;.<br \/>\nVerrebbe da chiedere al Sindaco quanto tempo abbiamo per sloggiare e non dare pi\u00f9 fastidio, se i colori rossoneri potranno ancora essere indossati a Milano, se il luogo dove chiedere asilo politico potr\u00e0 avere i contorni regionali o emigrare in una Regione confinante.<br \/>\nEd invece pare che ci si debba sbrigare altrimenti \u00e8 pronto lo sfratto.<br \/>\nSulla base  quale progetto?<br \/>\nQuali straordinarie innovazioni rendono improcrastinabile l&#8217;avvio di una procedura che sa di ultimatum al Milan.<br \/>\nSarebbe stato interessante saperlo ma la Gazzetta, \u00e7a va sans dire, non ha ritenuto opportuno chiederlo.<br \/>\nE&#8217; bastato un confronto tra interisti, inebriati dopo la vittoria sulla Juve, per rendere un capitano d&#8217;industria venuto dall&#8217;Oriente giudice del destino di una squadra protagonista da sempre sulla scena calcistica mondiale.<br \/>\nAl Sindaco Manager sfugge qualche particolare non secondario.<br \/>\nChe San Siro \u00e8 stato costruito dal Milan, con l&#8217;allora Presidente Piero Pirelli, nel 1925.<br \/>\nChe il Milan contribuisce, esattamente come l&#8217;Inter ed attraverso la stessa posizione contrattuale, alla manutenzione dello stadio con un consorzio paritario.<br \/>\nChe il Milan gioca a San Siro dal 1925 mentre la squadra del Cinese &#8220;dalla parte giusta&#8221; solo dal 1958.<br \/>\nChe il Milan in quello stadio \u00e8 divenuta la squadra pi\u00f9 titolata al mondo.<br \/>\nChe il Milan resta la squadra Italiana pi\u00f9 conosciuta all&#8217;estero.<br \/>\nEd anche nella patria del Cinese &#8220;dalla parte giusta&#8221; il Milan \u00e8 largamente la squadra pi\u00f9 amata.<br \/>\nChiss\u00e0 se in Gazzetta sia  venuto in mente di chiedere al Sindaco:<br \/>\n&#8220;Cosa ne farete, Lei e Suning, del Milan?&#8221;<br \/>\nGi\u00e0 che ci siamo magari Suning ha gi\u00e0 in mente un progetto straordinario  innovativo e soprattutto non procrastinabile in merito alla annosa e fastidiosa questione Milan.<br \/>\nQuali tempi abbiamo per salvare le 7 Coppe Campioni, i 4 Mondiali per club e tutto il resto di Storia e Titoli di cui gronda la Gloria Rossonera prima dell&#8217;esproprio sig. sindaco?<br \/>\nSe ne faccia una ragione Sindaco. Noi siamo il Milan.<br \/>\nSappiamo della sua fede interista, ma Lei \u00e8 il  Sindaco della citt\u00e0 pi\u00f9 ricca d&#8217;Italia non il Presidente di un Inter Club che chiacchiera al Bar davanti ad un Prosecco.<\/p>\n        <div class=\"booster-block booster-reactions-block\">\n            <div class=\"twp-reactions-icons\">\n                \n                <div class=\"twp-reacts-wrap\">\n                    <a react-data=\"be-react-1\" post-id=\"850\" class=\"be-face-icons un-reacted\" href=\"javascript:void(0)\">\n                        <img decoding=\"async\" src=\"https:\/\/www.leonardosasso.it\/wp-content\/plugins\/booster-extension\/\/assets\/icon\/happy.svg\" alt=\"Happy\">\n                    <\/a>\n                    <div class=\"twp-reaction-title\">\n                        Happy                    <\/div>\n                    <div class=\"twp-count-percent\">\n                                                    <span style=\"display: none;\" class=\"twp-react-count\">0<\/span>\n                        \n                                                <span class=\"twp-react-percent\"><span>0<\/span> %<\/span>\n                                            <\/div>\n                <\/div>\n\n                <div class=\"twp-reacts-wrap\">\n                    <a react-data=\"be-react-2\" post-id=\"850\" class=\"be-face-icons un-reacted\" href=\"javascript:void(0)\">\n                        <img decoding=\"async\" src=\"https:\/\/www.leonardosasso.it\/wp-content\/plugins\/booster-extension\/\/assets\/icon\/sad.svg\" alt=\"Sad\">\n                    <\/a>\n                    <div class=\"twp-reaction-title\">\n                        Sad                    <\/div>\n                    <div class=\"twp-count-percent\">\n                                                    <span style=\"display: none;\" class=\"twp-react-count\">0<\/span>\n                                                                        <span class=\"twp-react-percent\"><span>0<\/span> %<\/span>\n                                            <\/div>\n                <\/div>\n\n                <div class=\"twp-reacts-wrap\">\n                    <a react-data=\"be-react-3\" post-id=\"850\" class=\"be-face-icons un-reacted\" href=\"javascript:void(0)\">\n                        <img decoding=\"async\" src=\"https:\/\/www.leonardosasso.it\/wp-content\/plugins\/booster-extension\/\/assets\/icon\/excited.svg\" alt=\"Excited\">\n                    <\/a>\n                    <div class=\"twp-reaction-title\">\n                        Excited                    <\/div>\n                    <div class=\"twp-count-percent\">\n                                                    <span style=\"display: none;\" class=\"twp-react-count\">0<\/span>\n                                                                        <span class=\"twp-react-percent\"><span>0<\/span> %<\/span>\n                                            <\/div>\n                <\/div>\n\n                <div class=\"twp-reacts-wrap\">\n                    <a react-data=\"be-react-6\" post-id=\"850\" class=\"be-face-icons un-reacted\" href=\"javascript:void(0)\">\n                        <img decoding=\"async\" src=\"https:\/\/www.leonardosasso.it\/wp-content\/plugins\/booster-extension\/\/assets\/icon\/sleepy.svg\" alt=\"Sleepy\">\n                    <\/a>\n                    <div class=\"twp-reaction-title\">\n                        Sleepy                    <\/div>\n                    <div class=\"twp-count-percent\">\n                                                    <span style=\"display: none;\" class=\"twp-react-count\">0<\/span>\n                        \n                                                <span class=\"twp-react-percent\"><span>0<\/span> %<\/span>\n                                            <\/div>\n                <\/div>\n\n                <div class=\"twp-reacts-wrap\">\n                    <a react-data=\"be-react-4\" post-id=\"850\" class=\"be-face-icons un-reacted\" href=\"javascript:void(0)\">\n                        <img decoding=\"async\" src=\"https:\/\/www.leonardosasso.it\/wp-content\/plugins\/booster-extension\/\/assets\/icon\/angry.svg\" alt=\"Angry\">\n                    <\/a>\n                    <div class=\"twp-reaction-title\">Angry<\/div>\n                    <div class=\"twp-count-percent\">\n                                                    <span style=\"display: none;\" class=\"twp-react-count\">0<\/span>\n                                                                        <span class=\"twp-react-percent\"><span>0<\/span> %<\/span>\n                        \n                    <\/div>\n                <\/div>\n\n                <div class=\"twp-reacts-wrap\">\n                    <a react-data=\"be-react-5\" post-id=\"850\" class=\"be-face-icons un-reacted\" href=\"javascript:void(0)\">\n                        <img decoding=\"async\" src=\"https:\/\/www.leonardosasso.it\/wp-content\/plugins\/booster-extension\/\/assets\/icon\/surprise.svg\" alt=\"Surprise\">\n                    <\/a>\n                    <div class=\"twp-reaction-title\">Surprise<\/div>\n                    <div class=\"twp-count-percent\">\n                                                    <span style=\"display: none;\" class=\"twp-react-count\">0<\/span>\n                                                                        <span class=\"twp-react-percent\"><span>0<\/span> %<\/span>\n                                            <\/div>\n                <\/div>\n\n            <\/div>\n        <\/div>\n\n    <p><\/p>","protected":false},"excerpt":{"rendered":"<p>L&#8217;intervista che il Sindaco di Milano rilascia alla Gazzetta contiene dei tratti che segnano uno&#8230;<\/p>\n","protected":false},"author":1,"featured_media":849,"comment_status":"closed","ping_status":"open","sticky":false,"template":"","format":"standard","meta":{"content-type":"","ngg_post_thumbnail":0,"footnotes":""},"categories":[5,6],"tags":[],"yoast_head":"<!-- This site is optimized with the Yoast SEO plugin v24.3 - https:\/\/yoast.com\/wordpress\/plugins\/seo\/ -->\r\n<title>Interismo e Sinistra: Connubio farneticante a Milano - Leonardo Sasso web site<\/title>\r\n<meta name=\"robots\" content=\"index, follow, max-snippet:-1, max-image-preview:large, max-video-preview:-1\" \/>\r\n<link rel=\"canonical\" href=\"https:\/\/www.leonardosasso.it\/?p=850\" \/>\r\n<meta property=\"og:locale\" content=\"it_IT\" \/>\r\n<meta property=\"og:type\" content=\"article\" \/>\r\n<meta property=\"og:title\" content=\"Interismo e Sinistra: Connubio farneticante a Milano - Leonardo Sasso web site\" \/>\r\n<meta property=\"og:description\" content=\"L&#8217;intervista che il Sindaco di Milano rilascia alla Gazzetta contiene dei tratti che segnano uno...\" \/>\r\n<meta property=\"og:url\" content=\"https:\/\/www.leonardosasso.it\/?p=850\" \/>\r\n<meta property=\"og:site_name\" content=\"Leonardo Sasso web site\" \/>\r\n<meta property=\"article:published_time\" content=\"2016-10-13T15:20:53+00:00\" \/>\r\n<meta property=\"article:modified_time\" content=\"2016-10-13T17:28:11+00:00\" \/>\r\n<meta property=\"og:image\" content=\"https:\/\/www.leonardosasso.it\/wp-content\/uploads\/2016\/10\/Zhang-Sala.jpg\" \/>\r\n\t<meta property=\"og:image:width\" content=\"1200\" \/>\r\n\t<meta property=\"og:image:height\" content=\"763\" \/>\r\n\t<meta property=\"og:image:type\" content=\"image\/jpeg\" \/>\r\n<meta name=\"author\" content=\"Leonardo\" \/>\r\n<meta name=\"twitter:card\" content=\"summary_large_image\" \/>\r\n<meta name=\"twitter:label1\" content=\"Scritto da\" \/>\n\t<meta name=\"twitter:data1\" content=\"Leonardo\" \/>\n\t<meta name=\"twitter:label2\" content=\"Tempo di lettura stimato\" \/>\n\t<meta name=\"twitter:data2\" content=\"3 minuti\" \/>\r\n<script type=\"application\/ld+json\" class=\"yoast-schema-graph\">{\"@context\":\"https:\/\/schema.org\",\"@graph\":[{\"@type\":\"Article\",\"@id\":\"https:\/\/www.leonardosasso.it\/?p=850#article\",\"isPartOf\":{\"@id\":\"https:\/\/www.leonardosasso.it\/?p=850\"},\"author\":{\"name\":\"Leonardo\",\"@id\":\"https:\/\/www.leonardosasso.it\/#\/schema\/person\/57496f2fb8cef399223fa4c9da8ffe1c\"},\"headline\":\"Interismo e Sinistra: Connubio farneticante a Milano\",\"datePublished\":\"2016-10-13T15:20:53+00:00\",\"dateModified\":\"2016-10-13T17:28:11+00:00\",\"mainEntityOfPage\":{\"@id\":\"https:\/\/www.leonardosasso.it\/?p=850\"},\"wordCount\":557,\"publisher\":{\"@id\":\"https:\/\/www.leonardosasso.it\/#\/schema\/person\/57496f2fb8cef399223fa4c9da8ffe1c\"},\"image\":{\"@id\":\"https:\/\/www.leonardosasso.it\/?p=850#primaryimage\"},\"thumbnailUrl\":\"https:\/\/www.leonardosasso.it\/wp-content\/uploads\/2016\/10\/Zhang-Sala.jpg\",\"articleSection\":[\"Italia\",\"Milan\"],\"inLanguage\":\"it-IT\"},{\"@type\":\"WebPage\",\"@id\":\"https:\/\/www.leonardosasso.it\/?p=850\",\"url\":\"https:\/\/www.leonardosasso.it\/?p=850\",\"name\":\"Interismo e Sinistra: Connubio farneticante a Milano - Leonardo Sasso web site\",\"isPartOf\":{\"@id\":\"https:\/\/www.leonardosasso.it\/#website\"},\"primaryImageOfPage\":{\"@id\":\"https:\/\/www.leonardosasso.it\/?p=850#primaryimage\"},\"image\":{\"@id\":\"https:\/\/www.leonardosasso.it\/?p=850#primaryimage\"},\"thumbnailUrl\":\"https:\/\/www.leonardosasso.it\/wp-content\/uploads\/2016\/10\/Zhang-Sala.jpg\",\"datePublished\":\"2016-10-13T15:20:53+00:00\",\"dateModified\":\"2016-10-13T17:28:11+00:00\",\"breadcrumb\":{\"@id\":\"https:\/\/www.leonardosasso.it\/?p=850#breadcrumb\"},\"inLanguage\":\"it-IT\",\"potentialAction\":[{\"@type\":\"ReadAction\",\"target\":[\"https:\/\/www.leonardosasso.it\/?p=850\"]}]},{\"@type\":\"ImageObject\",\"inLanguage\":\"it-IT\",\"@id\":\"https:\/\/www.leonardosasso.it\/?p=850#primaryimage\",\"url\":\"https:\/\/www.leonardosasso.it\/wp-content\/uploads\/2016\/10\/Zhang-Sala.jpg\",\"contentUrl\":\"https:\/\/www.leonardosasso.it\/wp-content\/uploads\/2016\/10\/Zhang-Sala.jpg\",\"width\":1200,\"height\":763},{\"@type\":\"BreadcrumbList\",\"@id\":\"https:\/\/www.leonardosasso.it\/?p=850#breadcrumb\",\"itemListElement\":[{\"@type\":\"ListItem\",\"position\":1,\"name\":\"Home\",\"item\":\"https:\/\/www.leonardosasso.it\/\"},{\"@type\":\"ListItem\",\"position\":2,\"name\":\"Interismo e Sinistra: Connubio farneticante a Milano\"}]},{\"@type\":\"WebSite\",\"@id\":\"https:\/\/www.leonardosasso.it\/#website\",\"url\":\"https:\/\/www.leonardosasso.it\/\",\"name\":\"Leonardo Sasso web site\",\"description\":\"blog di ordinaria disinformazione\",\"publisher\":{\"@id\":\"https:\/\/www.leonardosasso.it\/#\/schema\/person\/57496f2fb8cef399223fa4c9da8ffe1c\"},\"potentialAction\":[{\"@type\":\"SearchAction\",\"target\":{\"@type\":\"EntryPoint\",\"urlTemplate\":\"https:\/\/www.leonardosasso.it\/?s={search_term_string}\"},\"query-input\":{\"@type\":\"PropertyValueSpecification\",\"valueRequired\":true,\"valueName\":\"search_term_string\"}}],\"inLanguage\":\"it-IT\"},{\"@type\":[\"Person\",\"Organization\"],\"@id\":\"https:\/\/www.leonardosasso.it\/#\/schema\/person\/57496f2fb8cef399223fa4c9da8ffe1c\",\"name\":\"Leonardo\",\"image\":{\"@type\":\"ImageObject\",\"inLanguage\":\"it-IT\",\"@id\":\"https:\/\/www.leonardosasso.it\/#\/schema\/person\/image\/\",\"url\":\"https:\/\/www.leonardosasso.it\/wp-content\/uploads\/2023\/01\/io.bmp\",\"contentUrl\":\"https:\/\/www.leonardosasso.it\/wp-content\/uploads\/2023\/01\/io.bmp\",\"width\":288,\"height\":288,\"caption\":\"Leonardo\"},\"logo\":{\"@id\":\"https:\/\/www.leonardosasso.it\/#\/schema\/person\/image\/\"},\"sameAs\":[\"https:\/\/www.leonardosasso.it\"],\"url\":\"https:\/\/www.leonardosasso.it\/?author=1\"}]}<\/script>\r\n<!-- \/ Yoast SEO plugin. -->","yoast_head_json":{"title":"Interismo e Sinistra: Connubio farneticante a Milano - Leonardo Sasso web site","robots":{"index":"index","follow":"follow","max-snippet":"max-snippet:-1","max-image-preview":"max-image-preview:large","max-video-preview":"max-video-preview:-1"},"canonical":"https:\/\/www.leonardosasso.it\/?p=850","og_locale":"it_IT","og_type":"article","og_title":"Interismo e Sinistra: Connubio farneticante a Milano - Leonardo Sasso web site","og_description":"L&#8217;intervista che il Sindaco di Milano rilascia alla Gazzetta contiene dei tratti che segnano uno...","og_url":"https:\/\/www.leonardosasso.it\/?p=850","og_site_name":"Leonardo Sasso web site","article_published_time":"2016-10-13T15:20:53+00:00","article_modified_time":"2016-10-13T17:28:11+00:00","og_image":[{"width":1200,"height":763,"url":"https:\/\/www.leonardosasso.it\/wp-content\/uploads\/2016\/10\/Zhang-Sala.jpg","type":"image\/jpeg"}],"author":"Leonardo","twitter_card":"summary_large_image","twitter_misc":{"Scritto da":"Leonardo","Tempo di lettura stimato":"3 minuti"},"schema":{"@context":"https:\/\/schema.org","@graph":[{"@type":"Article","@id":"https:\/\/www.leonardosasso.it\/?p=850#article","isPartOf":{"@id":"https:\/\/www.leonardosasso.it\/?p=850"},"author":{"name":"Leonardo","@id":"https:\/\/www.leonardosasso.it\/#\/schema\/person\/57496f2fb8cef399223fa4c9da8ffe1c"},"headline":"Interismo e Sinistra: Connubio farneticante a Milano","datePublished":"2016-10-13T15:20:53+00:00","dateModified":"2016-10-13T17:28:11+00:00","mainEntityOfPage":{"@id":"https:\/\/www.leonardosasso.it\/?p=850"},"wordCount":557,"publisher":{"@id":"https:\/\/www.leonardosasso.it\/#\/schema\/person\/57496f2fb8cef399223fa4c9da8ffe1c"},"image":{"@id":"https:\/\/www.leonardosasso.it\/?p=850#primaryimage"},"thumbnailUrl":"https:\/\/www.leonardosasso.it\/wp-content\/uploads\/2016\/10\/Zhang-Sala.jpg","articleSection":["Italia","Milan"],"inLanguage":"it-IT"},{"@type":"WebPage","@id":"https:\/\/www.leonardosasso.it\/?p=850","url":"https:\/\/www.leonardosasso.it\/?p=850","name":"Interismo e Sinistra: Connubio farneticante a Milano - Leonardo Sasso web site","isPartOf":{"@id":"https:\/\/www.leonardosasso.it\/#website"},"primaryImageOfPage":{"@id":"https:\/\/www.leonardosasso.it\/?p=850#primaryimage"},"image":{"@id":"https:\/\/www.leonardosasso.it\/?p=850#primaryimage"},"thumbnailUrl":"https:\/\/www.leonardosasso.it\/wp-content\/uploads\/2016\/10\/Zhang-Sala.jpg","datePublished":"2016-10-13T15:20:53+00:00","dateModified":"2016-10-13T17:28:11+00:00","breadcrumb":{"@id":"https:\/\/www.leonardosasso.it\/?p=850#breadcrumb"},"inLanguage":"it-IT","potentialAction":[{"@type":"ReadAction","target":["https:\/\/www.leonardosasso.it\/?p=850"]}]},{"@type":"ImageObject","inLanguage":"it-IT","@id":"https:\/\/www.leonardosasso.it\/?p=850#primaryimage","url":"https:\/\/www.leonardosasso.it\/wp-content\/uploads\/2016\/10\/Zhang-Sala.jpg","contentUrl":"https:\/\/www.leonardosasso.it\/wp-content\/uploads\/2016\/10\/Zhang-Sala.jpg","width":1200,"height":763},{"@type":"BreadcrumbList","@id":"https:\/\/www.leonardosasso.it\/?p=850#breadcrumb","itemListElement":[{"@type":"ListItem","position":1,"name":"Home","item":"https:\/\/www.leonardosasso.it\/"},{"@type":"ListItem","position":2,"name":"Interismo e Sinistra: Connubio farneticante a Milano"}]},{"@type":"WebSite","@id":"https:\/\/www.leonardosasso.it\/#website","url":"https:\/\/www.leonardosasso.it\/","name":"Leonardo Sasso web site","description":"blog di ordinaria disinformazione","publisher":{"@id":"https:\/\/www.leonardosasso.it\/#\/schema\/person\/57496f2fb8cef399223fa4c9da8ffe1c"},"potentialAction":[{"@type":"SearchAction","target":{"@type":"EntryPoint","urlTemplate":"https:\/\/www.leonardosasso.it\/?s={search_term_string}"},"query-input":{"@type":"PropertyValueSpecification","valueRequired":true,"valueName":"search_term_string"}}],"inLanguage":"it-IT"},{"@type":["Person","Organization"],"@id":"https:\/\/www.leonardosasso.it\/#\/schema\/person\/57496f2fb8cef399223fa4c9da8ffe1c","name":"Leonardo","image":{"@type":"ImageObject","inLanguage":"it-IT","@id":"https:\/\/www.leonardosasso.it\/#\/schema\/person\/image\/","url":"https:\/\/www.leonardosasso.it\/wp-content\/uploads\/2023\/01\/io.bmp","contentUrl":"https:\/\/www.leonardosasso.it\/wp-content\/uploads\/2023\/01\/io.bmp","width":288,"height":288,"caption":"Leonardo"},"logo":{"@id":"https:\/\/www.leonardosasso.it\/#\/schema\/person\/image\/"},"sameAs":["https:\/\/www.leonardosasso.it"],"url":"https:\/\/www.leonardosasso.it\/?author=1"}]}},"featured_image_urls":{"full":["https:\/\/www.leonardosasso.it\/wp-content\/uploads\/2016\/10\/Zhang-Sala.jpg",1200,763,false],"thumbnail":["https:\/\/www.leonardosasso.it\/wp-content\/uploads\/2016\/10\/Zhang-Sala-150x150.jpg",150,150,true],"medium":["https:\/\/www.leonardosasso.it\/wp-content\/uploads\/2016\/10\/Zhang-Sala-300x300.jpg",300,300,true],"medium_large":["https:\/\/www.leonardosasso.it\/wp-content\/uploads\/2016\/10\/Zhang-Sala-768x488.jpg",640,407,true],"large":["https:\/\/www.leonardosasso.it\/wp-content\/uploads\/2016\/10\/Zhang-Sala-1024x763.jpg",640,477,true],"1536x1536":["https:\/\/www.leonardosasso.it\/wp-content\/uploads\/2016\/10\/Zhang-Sala.jpg",1200,763,false],"2048x2048":["https:\/\/www.leonardosasso.it\/wp-content\/uploads\/2016\/10\/Zhang-Sala.jpg",1200,763,false],"newspaperup-slider-full":["https:\/\/www.leonardosasso.it\/wp-content\/uploads\/2016\/10\/Zhang-Sala.jpg",1132,720,false],"newspaperup-featured":["https:\/\/www.leonardosasso.it\/wp-content\/uploads\/2016\/10\/Zhang-Sala.jpg",1024,651,false],"newspaperup-medium":["https:\/\/www.leonardosasso.it\/wp-content\/uploads\/2016\/10\/Zhang-Sala.jpg",598,380,false],"ADV":["https:\/\/www.leonardosasso.it\/wp-content\/uploads\/2016\/10\/Zhang-Sala-350x220.jpg",350,220,true],"advps-thumb-one":["https:\/\/www.leonardosasso.it\/wp-content\/uploads\/2016\/10\/Zhang-Sala.jpg",346,220,false]},"author_info":{"info":["Leonardo"]},"category_info":"<a href=\"https:\/\/www.leonardosasso.it\/?cat=5\" rel=\"category\">Italia<\/a> <a href=\"https:\/\/www.leonardosasso.it\/?cat=6\" rel=\"category\">Milan<\/a>","tag_info":"Milan","comment_count":"0","_links":{"self":[{"href":"https:\/\/www.leonardosasso.it\/index.php?rest_route=\/wp\/v2\/posts\/850"}],"collection":[{"href":"https:\/\/www.leonardosasso.it\/index.php?rest_route=\/wp\/v2\/posts"}],"about":[{"href":"https:\/\/www.leonardosasso.it\/index.php?rest_route=\/wp\/v2\/types\/post"}],"author":[{"embeddable":true,"href":"https:\/\/www.leonardosasso.it\/index.php?rest_route=\/wp\/v2\/users\/1"}],"replies":[{"embeddable":true,"href":"https:\/\/www.leonardosasso.it\/index.php?rest_route=%2Fwp%2Fv2%2Fcomments&post=850"}],"version-history":[{"count":4,"href":"https:\/\/www.leonardosasso.it\/index.php?rest_route=\/wp\/v2\/posts\/850\/revisions"}],"predecessor-version":[{"id":854,"href":"https:\/\/www.leonardosasso.it\/index.php?rest_route=\/wp\/v2\/posts\/850\/revisions\/854"}],"wp:featuredmedia":[{"embeddable":true,"href":"https:\/\/www.leonardosasso.it\/index.php?rest_route=\/wp\/v2\/media\/849"}],"wp:attachment":[{"href":"https:\/\/www.leonardosasso.it\/index.php?rest_route=%2Fwp%2Fv2%2Fmedia&parent=850"}],"wp:term":[{"taxonomy":"category","embeddable":true,"href":"https:\/\/www.leonardosasso.it\/index.php?rest_route=%2Fwp%2Fv2%2Fcategories&post=850"},{"taxonomy":"post_tag","embeddable":true,"href":"https:\/\/www.leonardosasso.it\/index.php?rest_route=%2Fwp%2Fv2%2Ftags&post=850"}],"curies":[{"name":"wp","href":"https:\/\/api.w.org\/{rel}","templated":true}]}}